{"id":1712,"date":"2025-03-11T10:52:40","date_gmt":"2025-03-11T09:52:40","guid":{"rendered":"https:\/\/www.latreille-avignon.fr\/?p=1712"},"modified":"2025-03-11T11:00:30","modified_gmt":"2025-03-11T10:00:30","slug":"the-gardens-and-green-spaces-of-avignon","status":"publish","type":"post","link":"https:\/\/www.latreille-avignon.fr\/en\/blog-en\/the-gardens-and-green-spaces-of-avignon\/","title":{"rendered":"The gardens and green spaces of Avignon"},"content":{"rendered":"","protected":false},"excerpt":{"rendered":"<p>Discover the most beautiful gardens of Avignon<\/p>\n","protected":false},"author":1,"featured_media":1435,"comment_status":"closed","ping_status":"closed","sticky":false,"template":"","format":"standard","meta":{"_acf_changed":false,"inline_featured_image":false,"_monsterinsights_skip_tracking":false,"_monsterinsights_sitenote_active":false,"_monsterinsights_sitenote_note":"","_monsterinsights_sitenote_category":0,"footnotes":""},"categories":[1],"class_list":["post-1712","post","type-post","status-publish","format-standard","has-post-thumbnail","hentry","category-blog-en"],"acf":[],"yoast_head":"<!-- This site is optimized with the Yoast SEO plugin v23.2 - https:\/\/yoast.com\/wordpress\/plugins\/seo\/ -->\n<title>The gardens and green spaces of Avignon - Auberge de La Treille<\/title>\n<meta name=\"description\" content=\"Explore the gardens and green spaces of Avignon and its surroundings, to relax, recharge your batteries and enjoy nature in the city.\" \/>\n<meta name=\"robots\" content=\"index, follow, max-snippet:-1, max-image-preview:large, max-video-preview:-1\" \/>\n<link rel=\"canonical\" href=\"https:\/\/www.latreille-avignon.fr\/en\/blog-en\/the-gardens-and-green-spaces-of-avignon\/\" \/>\n<meta property=\"og:locale\" content=\"en_US\" \/>\n<meta property=\"og:type\" content=\"article\" \/>\n<meta property=\"og:title\" content=\"The gardens and green spaces of Avignon - Auberge de La Treille\" \/>\n<meta property=\"og:description\" content=\"Explore the gardens and green spaces of Avignon and its surroundings, to relax, recharge your batteries and enjoy nature in the city.\" \/>\n<meta property=\"og:url\" content=\"https:\/\/www.latreille-avignon.fr\/en\/blog-en\/the-gardens-and-green-spaces-of-avignon\/\" \/>\n<meta property=\"og:site_name\" content=\"Auberge de La Treille\" \/>\n<meta property=\"article:published_time\" content=\"2025-03-11T09:52:40+00:00\" \/>\n<meta property=\"article:modified_time\" content=\"2025-03-11T10:00:30+00:00\" \/>\n<meta property=\"og:image\" content=\"https:\/\/www.latreille-avignon.fr\/wp-content\/uploads\/2024\/08\/DSC2168-scaled.jpeg\" \/>\n\t<meta property=\"og:image:width\" content=\"1706\" \/>\n\t<meta property=\"og:image:height\" content=\"2560\" \/>\n\t<meta property=\"og:image:type\" content=\"image\/jpeg\" \/>\n<meta name=\"author\" content=\"treille_admin\" \/>\n<meta name=\"twitter:card\" content=\"summary_large_image\" \/>\n<meta name=\"twitter:label1\" content=\"Written by\" \/>\n\t<meta name=\"twitter:data1\" content=\"treille_admin\" \/>\n\t<meta name=\"twitter:label2\" content=\"Est. reading time\" \/>\n\t<meta name=\"twitter:data2\" content=\"4 minutes\" \/>\n<script type=\"application\/ld+json\" class=\"yoast-schema-graph\">{\"@context\":\"https:\/\/schema.org\",\"@graph\":[{\"@type\":\"WebPage\",\"@id\":\"https:\/\/www.latreille-avignon.fr\/en\/blog-en\/the-gardens-and-green-spaces-of-avignon\/\",\"url\":\"https:\/\/www.latreille-avignon.fr\/en\/blog-en\/the-gardens-and-green-spaces-of-avignon\/\",\"name\":\"The gardens and green spaces of Avignon - Auberge de La Treille\",\"isPartOf\":{\"@id\":\"https:\/\/www.latreille-avignon.fr\/en\/#website\"},\"primaryImageOfPage\":{\"@id\":\"https:\/\/www.latreille-avignon.fr\/en\/blog-en\/the-gardens-and-green-spaces-of-avignon\/#primaryimage\"},\"image\":{\"@id\":\"https:\/\/www.latreille-avignon.fr\/en\/blog-en\/the-gardens-and-green-spaces-of-avignon\/#primaryimage\"},\"thumbnailUrl\":\"https:\/\/www.latreille-avignon.fr\/wp-content\/uploads\/2024\/08\/DSC2168-scaled.jpeg\",\"datePublished\":\"2025-03-11T09:52:40+00:00\",\"dateModified\":\"2025-03-11T10:00:30+00:00\",\"author\":{\"@id\":\"https:\/\/www.latreille-avignon.fr\/en\/#\/schema\/person\/1347de36e75556affd2a8c92f4c267dd\"},\"description\":\"Explore the gardens and green spaces of Avignon and its surroundings, to relax, recharge your batteries and enjoy nature in the city.\",\"breadcrumb\":{\"@id\":\"https:\/\/www.latreille-avignon.fr\/en\/blog-en\/the-gardens-and-green-spaces-of-avignon\/#breadcrumb\"},\"inLanguage\":\"en-US\",\"potentialAction\":[{\"@type\":\"ReadAction\",\"target\":[\"https:\/\/www.latreille-avignon.fr\/en\/blog-en\/the-gardens-and-green-spaces-of-avignon\/\"]}]},{\"@type\":\"ImageObject\",\"inLanguage\":\"en-US\",\"@id\":\"https:\/\/www.latreille-avignon.fr\/en\/blog-en\/the-gardens-and-green-spaces-of-avignon\/#primaryimage\",\"url\":\"https:\/\/www.latreille-avignon.fr\/wp-content\/uploads\/2024\/08\/DSC2168-scaled.jpeg\",\"contentUrl\":\"https:\/\/www.latreille-avignon.fr\/wp-content\/uploads\/2024\/08\/DSC2168-scaled.jpeg\",\"width\":1706,\"height\":2560},{\"@type\":\"BreadcrumbList\",\"@id\":\"https:\/\/www.latreille-avignon.fr\/en\/blog-en\/the-gardens-and-green-spaces-of-avignon\/#breadcrumb\",\"itemListElement\":[{\"@type\":\"ListItem\",\"position\":1,\"name\":\"Accueil\",\"item\":\"https:\/\/www.latreille-avignon.fr\/en\/\"},{\"@type\":\"ListItem\",\"position\":2,\"name\":\"The gardens and green spaces of Avignon\"}]},{\"@type\":\"WebSite\",\"@id\":\"https:\/\/www.latreille-avignon.fr\/en\/#website\",\"url\":\"https:\/\/www.latreille-avignon.fr\/en\/\",\"name\":\"Auberge de La Treille\",\"description\":\"Lieu d&#039;\u00e9v\u00e8nements - Chambres d&#039;h\u00f4tes\",\"potentialAction\":[{\"@type\":\"SearchAction\",\"target\":{\"@type\":\"EntryPoint\",\"urlTemplate\":\"https:\/\/www.latreille-avignon.fr\/en\/?s={search_term_string}\"},\"query-input\":\"required name=search_term_string\"}],\"inLanguage\":\"en-US\"},{\"@type\":\"Person\",\"@id\":\"https:\/\/www.latreille-avignon.fr\/en\/#\/schema\/person\/1347de36e75556affd2a8c92f4c267dd\",\"name\":\"treille_admin\",\"image\":{\"@type\":\"ImageObject\",\"inLanguage\":\"en-US\",\"@id\":\"https:\/\/www.latreille-avignon.fr\/en\/#\/schema\/person\/image\/\",\"url\":\"https:\/\/secure.gravatar.com\/avatar\/2e4b9d496b74354910b331b89709ae911bc15664c702753a890d0436d7801f37?s=96&d=mm&r=g\",\"contentUrl\":\"https:\/\/secure.gravatar.com\/avatar\/2e4b9d496b74354910b331b89709ae911bc15664c702753a890d0436d7801f37?s=96&d=mm&r=g\",\"caption\":\"treille_admin\"},\"sameAs\":[\"https:\/\/dev.latreille-avignon.fr\"]}]}<\/script>\n<!-- \/ Yoast SEO plugin. -->","yoast_head_json":{"title":"The gardens and green spaces of Avignon - Auberge de La Treille","description":"Explore the gardens and green spaces of Avignon and its surroundings, to relax, recharge your batteries and enjoy nature in the city.","robots":{"index":"index","follow":"follow","max-snippet":"max-snippet:-1","max-image-preview":"max-image-preview:large","max-video-preview":"max-video-preview:-1"},"canonical":"https:\/\/www.latreille-avignon.fr\/en\/blog-en\/the-gardens-and-green-spaces-of-avignon\/","og_locale":"en_US","og_type":"article","og_title":"The gardens and green spaces of Avignon - Auberge de La Treille","og_description":"Explore the gardens and green spaces of Avignon and its surroundings, to relax, recharge your batteries and enjoy nature in the city.","og_url":"https:\/\/www.latreille-avignon.fr\/en\/blog-en\/the-gardens-and-green-spaces-of-avignon\/","og_site_name":"Auberge de La Treille","article_published_time":"2025-03-11T09:52:40+00:00","article_modified_time":"2025-03-11T10:00:30+00:00","og_image":[{"width":1706,"height":2560,"url":"https:\/\/www.latreille-avignon.fr\/wp-content\/uploads\/2024\/08\/DSC2168-scaled.jpeg","type":"image\/jpeg"}],"author":"treille_admin","twitter_card":"summary_large_image","twitter_misc":{"Written by":"treille_admin","Est. reading time":"4 minutes"},"schema":{"@context":"https:\/\/schema.org","@graph":[{"@type":"WebPage","@id":"https:\/\/www.latreille-avignon.fr\/en\/blog-en\/the-gardens-and-green-spaces-of-avignon\/","url":"https:\/\/www.latreille-avignon.fr\/en\/blog-en\/the-gardens-and-green-spaces-of-avignon\/","name":"The gardens and green spaces of Avignon - Auberge de La Treille","isPartOf":{"@id":"https:\/\/www.latreille-avignon.fr\/en\/#website"},"primaryImageOfPage":{"@id":"https:\/\/www.latreille-avignon.fr\/en\/blog-en\/the-gardens-and-green-spaces-of-avignon\/#primaryimage"},"image":{"@id":"https:\/\/www.latreille-avignon.fr\/en\/blog-en\/the-gardens-and-green-spaces-of-avignon\/#primaryimage"},"thumbnailUrl":"https:\/\/www.latreille-avignon.fr\/wp-content\/uploads\/2024\/08\/DSC2168-scaled.jpeg","datePublished":"2025-03-11T09:52:40+00:00","dateModified":"2025-03-11T10:00:30+00:00","author":{"@id":"https:\/\/www.latreille-avignon.fr\/en\/#\/schema\/person\/1347de36e75556affd2a8c92f4c267dd"},"description":"Explore the gardens and green spaces of Avignon and its surroundings, to relax, recharge your batteries and enjoy nature in the city.","breadcrumb":{"@id":"https:\/\/www.latreille-avignon.fr\/en\/blog-en\/the-gardens-and-green-spaces-of-avignon\/#breadcrumb"},"inLanguage":"en-US","potentialAction":[{"@type":"ReadAction","target":["https:\/\/www.latreille-avignon.fr\/en\/blog-en\/the-gardens-and-green-spaces-of-avignon\/"]}]},{"@type":"ImageObject","inLanguage":"en-US","@id":"https:\/\/www.latreille-avignon.fr\/en\/blog-en\/the-gardens-and-green-spaces-of-avignon\/#primaryimage","url":"https:\/\/www.latreille-avignon.fr\/wp-content\/uploads\/2024\/08\/DSC2168-scaled.jpeg","contentUrl":"https:\/\/www.latreille-avignon.fr\/wp-content\/uploads\/2024\/08\/DSC2168-scaled.jpeg","width":1706,"height":2560},{"@type":"BreadcrumbList","@id":"https:\/\/www.latreille-avignon.fr\/en\/blog-en\/the-gardens-and-green-spaces-of-avignon\/#breadcrumb","itemListElement":[{"@type":"ListItem","position":1,"name":"Accueil","item":"https:\/\/www.latreille-avignon.fr\/en\/"},{"@type":"ListItem","position":2,"name":"The gardens and green spaces of Avignon"}]},{"@type":"WebSite","@id":"https:\/\/www.latreille-avignon.fr\/en\/#website","url":"https:\/\/www.latreille-avignon.fr\/en\/","name":"Auberge de La Treille","description":"Lieu d&#039;\u00e9v\u00e8nements - Chambres d&#039;h\u00f4tes","potentialAction":[{"@type":"SearchAction","target":{"@type":"EntryPoint","urlTemplate":"https:\/\/www.latreille-avignon.fr\/en\/?s={search_term_string}"},"query-input":"required name=search_term_string"}],"inLanguage":"en-US"},{"@type":"Person","@id":"https:\/\/www.latreille-avignon.fr\/en\/#\/schema\/person\/1347de36e75556affd2a8c92f4c267dd","name":"treille_admin","image":{"@type":"ImageObject","inLanguage":"en-US","@id":"https:\/\/www.latreille-avignon.fr\/en\/#\/schema\/person\/image\/","url":"https:\/\/secure.gravatar.com\/avatar\/2e4b9d496b74354910b331b89709ae911bc15664c702753a890d0436d7801f37?s=96&d=mm&r=g","contentUrl":"https:\/\/secure.gravatar.com\/avatar\/2e4b9d496b74354910b331b89709ae911bc15664c702753a890d0436d7801f37?s=96&d=mm&r=g","caption":"treille_admin"},"sameAs":["https:\/\/dev.latreille-avignon.fr"]}]}},"_links":{"self":[{"href":"https:\/\/www.latreille-avignon.fr\/en\/wp-json\/wp\/v2\/posts\/1712","targetHints":{"allow":["GET"]}}],"collection":[{"href":"https:\/\/www.latreille-avignon.fr\/en\/wp-json\/wp\/v2\/posts"}],"about":[{"href":"https:\/\/www.latreille-avignon.fr\/en\/wp-json\/wp\/v2\/types\/post"}],"author":[{"embeddable":true,"href":"https:\/\/www.latreille-avignon.fr\/en\/wp-json\/wp\/v2\/users\/1"}],"replies":[{"embeddable":true,"href":"https:\/\/www.latreille-avignon.fr\/en\/wp-json\/wp\/v2\/comments?post=1712"}],"version-history":[{"count":2,"href":"https:\/\/www.latreille-avignon.fr\/en\/wp-json\/wp\/v2\/posts\/1712\/revisions"}],"predecessor-version":[{"id":1714,"href":"https:\/\/www.latreille-avignon.fr\/en\/wp-json\/wp\/v2\/posts\/1712\/revisions\/1714"}],"wp:featuredmedia":[{"embeddable":true,"href":"https:\/\/www.latreille-avignon.fr\/en\/wp-json\/wp\/v2\/media\/1435"}],"wp:attachment":[{"href":"https:\/\/www.latreille-avignon.fr\/en\/wp-json\/wp\/v2\/media?parent=1712"}],"wp:term":[{"taxonomy":"category","embeddable":true,"href":"https:\/\/www.latreille-avignon.fr\/en\/wp-json\/wp\/v2\/categories?post=1712"}],"curies":[{"name":"wp","href":"https:\/\/api.w.org\/{rel}","templated":true}]}}